{"id":1894,"date":"2014-05-16T11:06:00","date_gmt":"2014-05-16T09:06:00","guid":{"rendered":"http:\/\/www.bugari-u-hrvatskoj.com\/?p=1894"},"modified":"2022-04-15T15:40:06","modified_gmt":"2022-04-15T13:40:06","slug":"deset-godina-casopisa-rodna-rijec","status":"publish","type":"post","link":"https:\/\/www.bugari-u-hrvatskoj.com\/hr\/deset-godina-casopisa-rodna-rijec\/","title":{"rendered":"Deset godina \u010dasopisa &#8220;Rodna rije\u010d&#8221;"},"content":{"rendered":"<p><strong>Brzo i neprimjetno pro\u0161lo je desetlje\u0107e od izlaska prvog broja \u010dasopisa \u201eRodna rije\u010d\u201c, glasila Nacionalne zajednice Bugara u Republici Hrvatskoj. I evo, danas se s ponosom prisje\u0107amo 2003. godine, godine u kojoj je objavljen prvi broj na\u0161eg \u010dasopisa. Na prvi pogled ni\u0161ta neobi\u010dno. Svaka manjinska zajednica u gradu Zagrebu ima svoju tiskovinu, pa \u0107u se poku\u0161ati prisjetiti po\u010detaka \u201eRodne rije\u010di\u201c.<\/strong><\/p>\n<p>Kako je znano, Bugarska zajednica je jedna od najmanjih manjinskih zajednica u Hrvatskoj, usprkos tomu \u0161to su Bugari na tlu Hrvatske prisutni jo\u0161 od kraja 19. stolje\u0107a, i to u daleko ve\u0107em broju. No ratne okolnosti, pritom mislim na Drugi svjetski rat, i politika biv\u0161e Jugoslavije pridonijeli su da se njihov broj drasti\u010dno smanji.<\/p>\n<p>&nbsp;<\/p>\n<p><img loading=\"lazy\" class=\"alignleft wp-image-1895 size-full\" src=\"https:\/\/www.bugari-u-hrvatskoj.com\/hr\/wp-content\/uploads\/2014\/05\/buh_rodnar_01.jpg\" alt=\"buh_rodnar_01\" width=\"475\" height=\"308\" srcset=\"https:\/\/www.bugari-u-hrvatskoj.com\/hr\/wp-content\/uploads\/2014\/05\/buh_rodnar_01.jpg 475w, https:\/\/www.bugari-u-hrvatskoj.com\/hr\/wp-content\/uploads\/2014\/05\/buh_rodnar_01-300x194.jpg 300w\" sizes=\"(max-width: 475px) 100vw, 475px\" \/><\/p>\n<p>&nbsp;<\/p>\n<p>Bugarsku zajednicu smo registrirali relativno kasno u odnosu na druge manjinske zajednice, napravili smo plan aktivnosti pa se prirodno ukazala potreba da imamo i svoje glasilo. Ta ideja kopkala me je par godina, sve dok nismo donijeli odluku da izdajemo \u010dasopis \u201eRodna rije\u010d\u201c. Naravno, tu na\u0161u odluku ne bismo mogli realizirati bez financijske pomo\u0107i Savjeta za nacionalne manjine Republike Hrvatske. I tako, prionuli smo poslu, osmislili koncepciju i po\u010deli s pripremama za prvi broj.<\/p>\n<p>Ovdje je mjesto da se zahvalim glavnoj urednici u to vrijeme, g\u0111i Eli Sladi\u0107, i njezinom timu za sve \u0161to su u\u010dinili da taj na\u0161 projekt uspije, pogotovo na ideji o naslovnici \u010dasopisa, koja na nedvosmislen na\u010din ukazuje na zajedni\u0161tvo u povijesti bugarskog i hrvatskog naroda.<\/p>\n<p>Duboko sam uvjeren da \u0107e \u201eRodna rije\u010d\u201c jo\u0161 puno godina nastaviti izlaziti i time pridonositi o\u010duvanju identiteta bugarske zajednice te informirati i popularizirati bugarsku kulturu kod hrvatskog naroda.<\/p>\n<p>Na mnogaja ljeta!<\/p>\n<p>&nbsp;<\/p>\n","protected":false},"excerpt":{"rendered":"<p>Autor: Ra\u0161ko Ivanov \u2022<\/p>\n<p>Brzo i neprimjetno pro\u0161lo je desetlje\u0107e od izlaska prvog broja \u010dasopisa \u201eRodna rije\u010d\u201c, glasila Nacionalne zajednice Bugara u Republici Hrvatskoj. I evo, danas se s ponosom prisje\u0107amo 2003. godine, godine u kojoj je objavljen prvi broj na\u0161eg \u010dasopisa. Na prvi pogled ni\u0161ta neobi\u010dno. Svaka manjinska zajednica u gradu Zagrebu ima svoju tiskovinu, pa \u0107u se poku\u0161ati prisjetiti po\u010detaka \u201eRodne rije\u010di\u201c.<\/p>\n","protected":false},"author":5,"featured_media":0,"comment_status":"closed","ping_status":"closed","sticky":false,"template":"","format":"standard","meta":{"ngg_post_thumbnail":0},"categories":[4,7],"tags":[],"_links":{"self":[{"href":"https:\/\/www.bugari-u-hrvatskoj.com\/hr\/wp-json\/wp\/v2\/posts\/1894"}],"collection":[{"href":"https:\/\/www.bugari-u-hrvatskoj.com\/hr\/wp-json\/wp\/v2\/posts"}],"about":[{"href":"https:\/\/www.bugari-u-hrvatskoj.com\/hr\/wp-json\/wp\/v2\/types\/post"}],"author":[{"embeddable":true,"href":"https:\/\/www.bugari-u-hrvatskoj.com\/hr\/wp-json\/wp\/v2\/users\/5"}],"replies":[{"embeddable":true,"href":"https:\/\/www.bugari-u-hrvatskoj.com\/hr\/wp-json\/wp\/v2\/comments?post=1894"}],"version-history":[{"count":7,"href":"https:\/\/www.bugari-u-hrvatskoj.com\/hr\/wp-json\/wp\/v2\/posts\/1894\/revisions"}],"predecessor-version":[{"id":2061,"href":"https:\/\/www.bugari-u-hrvatskoj.com\/hr\/wp-json\/wp\/v2\/posts\/1894\/revisions\/2061"}],"wp:attachment":[{"href":"https:\/\/www.bugari-u-hrvatskoj.com\/hr\/wp-json\/wp\/v2\/media?parent=1894"}],"wp:term":[{"taxonomy":"category","embeddable":true,"href":"https:\/\/www.bugari-u-hrvatskoj.com\/hr\/wp-json\/wp\/v2\/categories?post=1894"},{"taxonomy":"post_tag","embeddable":true,"href":"https:\/\/www.bugari-u-hrvatskoj.com\/hr\/wp-json\/wp\/v2\/tags?post=1894"}],"curies":[{"name":"wp","href":"https:\/\/api.w.org\/{rel}","templated":true}]}}