{"id":1979,"date":"2014-12-08T17:56:59","date_gmt":"2014-12-08T16:56:59","guid":{"rendered":"http:\/\/www.bugari-u-hrvatskoj.com\/?p=1979"},"modified":"2022-04-15T15:40:05","modified_gmt":"2022-04-15T13:40:05","slug":"varna-morska-prijestolnica-bugarske-i-kandidat-za-europsku-prijestolnicu-kulture-2019","status":"publish","type":"post","link":"https:\/\/www.bugari-u-hrvatskoj.com\/hr\/varna-morska-prijestolnica-bugarske-i-kandidat-za-europsku-prijestolnicu-kulture-2019\/","title":{"rendered":"Varna \u2013 morska prijestolnica Bugarske i kandidat za Europsku prijestolnicu kulture 2019."},"content":{"rendered":"<p><strong>Osnovna koncepcija<\/strong><\/p>\n<p>Slogan kandidature grada Varne za Europsku prijestolnicu kulture je \u201ePristani\u0161te inspiracije \/ Port of Inspiration\u201c. On sadr\u017eava ideju o dvama osnovnim elementima na\u0161e morske prijestolnice \u2013 o obali, pristani\u0161tu, tom za\u0161ti\u0107enom podru\u010dju o kojem sanja svaki drski moreplovac, i o uzletu nadahnu\u0107a.<\/p>\n<p><img loading=\"lazy\" class=\"alignleft wp-image-1980 size-full\" title=\"Foto: Varna.bg\" src=\"https:\/\/www.bugari-u-hrvatskoj.com\/hr\/wp-content\/uploads\/2014\/12\/BUH_Varna_hjkjzt1.jpg\" alt=\"BUH_Varna_hjkjzt1\" width=\"475\" height=\"356\" srcset=\"https:\/\/www.bugari-u-hrvatskoj.com\/hr\/wp-content\/uploads\/2014\/12\/BUH_Varna_hjkjzt1.jpg 475w, https:\/\/www.bugari-u-hrvatskoj.com\/hr\/wp-content\/uploads\/2014\/12\/BUH_Varna_hjkjzt1-300x224.jpg 300w\" sizes=\"(max-width: 475px) 100vw, 475px\" \/><\/p>\n<p>&nbsp;<\/p>\n<p>Osnovno te\u017ei\u0161te kandidature Varne je stvaranje povjerenja kroz kulturu. Povjerenje izme\u0111u pojedinaca u zajednici, izme\u0111u njih i institucija, povjerenje u dru\u0161tvo, kako bi se uklju\u010dili u njegove inicijative, povjerenje kako bi se stvaralo smjelo, povjerenje kako bi se u\u010dilo i sijalo sjeme, povjerenje da se bude aktivan, da se promijeni oblik svog grada, da ga se pretvori u grad ma\u0161te, da sve bude postignuto kroz nadahnu\u0107e.<\/p>\n<p>Natjecanje za naslov \u201eEuropske prijestolnice kulture\u201c je katalizator koji je bio nu\u017ean gradu, kako bi potra\u017eio svoju novu viziju, ostvario svoje smjele planove i transformacije.<\/p>\n<p>\u201eVarnu \u017eelimo 2019. g. vidjeti kao lijepo mjesto u kojem se \u017eeli biti \u2013 grad nadahnutog \u017eivljenja!\u201c izjavljuju gra\u0111ani na internetskoj stranici svoga grada, posve\u0107enoj sudjelovanju ove ljetne prijestolnice u presti\u017enom europskom natjecanju (http:\/\/varna2019.bg).<\/p>\n<p><strong>Varna danas<\/strong><\/p>\n<p>Varna je upravno sredi\u0161te istoimene op\u0107ine i \u017eupanije, najve\u0107i grad sjeverne Bugarske i bugarske obale Crnog mora. Ima oko 336 000 stanovnika, pa je tako postao tre\u0107i po veli\u010dini grad u Bugarskoj, poslije Sofije i Plovdiva. U njemu se nalazi Admiralitet bugarske mornarice. U gradu se \u010duva najstarije Zlatno blago na svijetu, koje je pripadalo tzv. Kulturi Varna, iz doba halkolitika (bron\u010danog doba). Grad je i va\u017eno turisti\u010dko i kulturno sredi\u0161te, polazi\u0161na to\u010dka za ljetovali\u0161ta na sjevernom dijelu crnomorske obale. Varna je i doma\u0107in mno\u0161tvu me\u0111unarodnih kulturnih doga\u0111anja, poput festivala \u201eLjeto u Varni\u201c, \u201eLjubav je ludost\u201c, Zlatni delfin\u201c i drugih. Ovaj grad na moru kandidat je i za Europsku prijestolnicu mladih 2016. g.<\/p>\n<p><strong>Programi<\/strong><\/p>\n<p>Morska prijestolnica razradila je inicijative za pet programa, koji su poput pet paralelnih akcijskih vektora. A to su: Euphoria, Gostoljubivo more, Posadi budu\u0107nost, Polje mogu\u0107nosti i Okoli\u0161 povjerenja.<\/p>\n<p><strong>EUphoria<\/strong><\/p>\n<p>Program je usmjeren na stvaranje platforme koja predstavlja odabrane naglaske iz bogatog festivalskog programa grada. Kroz Euphoriju nagla\u0161ava se festivalska kultura. Program je simbioza izme\u0111u razvijanja platformi ve\u0107 postoje\u0107ih festivala i oboga\u0107ivanje kulturnog kalendara novim doga\u0111ajima. U njenim okvirima bit \u0107e prestavljene aktualne produkcije iz Europe i svijeta. Inicijativa predvi\u0111a uklju\u010divanje i sudjelovanje gra\u0111ana Varne.<\/p>\n<p><strong>Gostoljubivo more<\/strong><\/p>\n<p>Program Gostoljubivo more usmjeren je na stvaranje novih radova bugarskih i stranih autora. Njegova jezgra je proizvodnja kulture. Cilja stvoriti uvjete za razvoj, stvarala\u0161tvo i predstavljanje tog stvarala\u0161tva njegovoj publici. Programske zada\u0107e su privu\u0107i mlade i dokazane umjetnike iz Europe i svijeta da stvaraju u gradu \u2013 sami i u suradnji s mjesnim umjetnicima; predstavljanje, u nacionalnom i europskom kontekstu, kultnih umjetni\u010dkih produkcija i radova.<\/p>\n<p><strong>Posadi budu\u0107nost<\/strong><\/p>\n<p>Tre\u0107i program na na\u0161em popisu ima dugoro\u010dnu europsku dimenziju, a zapo\u010deo je godinama prije samih doga\u0111anja i usmjeren je na djecu i mlade \u2013 budu\u0107e gledatelje i sudionike Varne 2019. Osnovno te\u017ei\u0161te je neformalno obrazovanje. Predvi\u0111ene aktivnosti su razvijanje i oboga\u0107ivanje sada\u0161njih iskustava neformalnog obrazovanja, iniciranih na doga\u0111anjima i forumima s me\u0111unarodnim sudjelovanjem, privla\u010denje organizacija i kulturnih djelatnika iz zemlje i inozemstva, primjena alternativnih i interaktivnih modela izobrazbe. Radi se o smjelom programu \u010diji je pogled okrenut budu\u0107nosti grada, a tako\u0111er i na\u0161e zemlje, Europe, svijeta, jer je konzervativna klima u slu\u017ebenom obrazovanju globalni problem. Istodobno, program je iznimno aktualan, usmjeren na samu sada\u0161njost.<\/p>\n<p><strong>Polje mogu\u0107nosti<\/strong><\/p>\n<p>Polje mogu\u0107nosti ima za cilj potporu i predstavljanje inicijativa za poticanje poduzetni\u010dkog duha i umije\u0107a za rje\u0161avanje problema. Podru\u010dje djelovanja Polja mogu\u0107nosti je istra\u017eivanje. Predvi\u0111ene inicijative su formiranje interdisciplinarnih skupina iz postoje\u0107ih istra\u017eiva\u010dkih sredi\u0161ta i instituta \u2013 kojima grad obiluje, organiziranje i provo\u0111enje radnih susreta, konferencija, seminara, iniciranje foruma i istra\u017eiva\u010dkih projekata s me\u0111unarodnim sudjelovanjem.<\/p>\n<p><strong>Okoli\u0161 povjerenja<\/strong><\/p>\n<p>Program Okoli\u0161 povjerenja usmjeren je na neophodnost izgradnje novih modela suradnje izme\u0111u predstavnika razli\u010ditih profesionalnih i dru\u0161tvenih skupina. Osnovni cilj programa je bu\u0111enje lokalne zajednice, provocirati je kako bi se aktivno uklju\u010dila u dru\u0161tveni \u017eivot. Predvi\u0111eno je da se to u\u010dini pobolj\u0161anjem koordinacije izme\u0111u pojedinih doga\u0111anja iz kalendara Varne, iniciranjem interaktivnih projekata koji \u0107e privu\u0107i \u0161to vi\u0161e sudionika, uklju\u010divanjem i decentralizacijom kulturnih produkcija, organiziranjem i provo\u0111enjem me\u0111unarodnih projekata.<\/p>\n","protected":false},"excerpt":{"rendered":"<p>Autor: Maria Ivanova \u2022<\/p>\n<p>Slogan kandidature grada Varne za Europsku prijestolnicu kulture je \u201ePristani\u0161te inspiracije \/ Port of Inspiration\u201c. On sadr\u017eava ideju o dvama osnovnim elementima na\u0161e morske prijestolnice \u2013 o obali, pristani\u0161tu, tom za\u0161ti\u0107enom podru\u010dju o kojem sanja svaki drski moreplovac, i o uzletu nadahnu\u0107a. <\/p>\n","protected":false},"author":4,"featured_media":0,"comment_status":"closed","ping_status":"closed","sticky":false,"template":"","format":"standard","meta":{"ngg_post_thumbnail":0},"categories":[4],"tags":[],"_links":{"self":[{"href":"https:\/\/www.bugari-u-hrvatskoj.com\/hr\/wp-json\/wp\/v2\/posts\/1979"}],"collection":[{"href":"https:\/\/www.bugari-u-hrvatskoj.com\/hr\/wp-json\/wp\/v2\/posts"}],"about":[{"href":"https:\/\/www.bugari-u-hrvatskoj.com\/hr\/wp-json\/wp\/v2\/types\/post"}],"author":[{"embeddable":true,"href":"https:\/\/www.bugari-u-hrvatskoj.com\/hr\/wp-json\/wp\/v2\/users\/4"}],"replies":[{"embeddable":true,"href":"https:\/\/www.bugari-u-hrvatskoj.com\/hr\/wp-json\/wp\/v2\/comments?post=1979"}],"version-history":[{"count":7,"href":"https:\/\/www.bugari-u-hrvatskoj.com\/hr\/wp-json\/wp\/v2\/posts\/1979\/revisions"}],"predecessor-version":[{"id":2052,"href":"https:\/\/www.bugari-u-hrvatskoj.com\/hr\/wp-json\/wp\/v2\/posts\/1979\/revisions\/2052"}],"wp:attachment":[{"href":"https:\/\/www.bugari-u-hrvatskoj.com\/hr\/wp-json\/wp\/v2\/media?parent=1979"}],"wp:term":[{"taxonomy":"category","embeddable":true,"href":"https:\/\/www.bugari-u-hrvatskoj.com\/hr\/wp-json\/wp\/v2\/categories?post=1979"},{"taxonomy":"post_tag","embeddable":true,"href":"https:\/\/www.bugari-u-hrvatskoj.com\/hr\/wp-json\/wp\/v2\/tags?post=1979"}],"curies":[{"name":"wp","href":"https:\/\/api.w.org\/{rel}","templated":true}]}}