{"id":1987,"date":"2014-09-18T18:07:53","date_gmt":"2014-09-18T16:07:53","guid":{"rendered":"http:\/\/www.bugari-u-hrvatskoj.com\/?p=1987"},"modified":"2022-04-15T15:40:05","modified_gmt":"2022-04-15T13:40:05","slug":"dan-nacionalnih-manjina-grada-zagreba","status":"publish","type":"post","link":"https:\/\/www.bugari-u-hrvatskoj.com\/hr\/dan-nacionalnih-manjina-grada-zagreba\/","title":{"rendered":"Dan nacionalnih manjina grada Zagreba"},"content":{"rendered":"<p><strong>Pod pokroviteljstvom gradona\u010delnika, g. Milana Bandi\u0107a, 14. rujna, u parku Zrinjevac odr\u017eala se sve\u010danost obilje\u017eavanja Dana nacionalnih manjina Grada Zagreba.<\/strong><\/p>\n<p><img loading=\"lazy\" class=\"alignleft wp-image-1989 size-full\" src=\"https:\/\/www.bugari-u-hrvatskoj.com\/hr\/wp-content\/uploads\/2014\/09\/BUH_danmanjina_01.jpg\" alt=\"BUH_danmanjina_01\" width=\"475\" height=\"356\" srcset=\"https:\/\/www.bugari-u-hrvatskoj.com\/hr\/wp-content\/uploads\/2014\/09\/BUH_danmanjina_01.jpg 475w, https:\/\/www.bugari-u-hrvatskoj.com\/hr\/wp-content\/uploads\/2014\/09\/BUH_danmanjina_01-300x224.jpg 300w\" sizes=\"(max-width: 475px) 100vw, 475px\" \/><\/p>\n<p>&nbsp;<\/p>\n<p>Sve\u010danu proslavu otvorio je g. Zoltan Bala\u017e Piri, predsjednik Koordinacije vije\u0107a i predstavnika nacionalnih manjina Grada Zagreba, a prisutne je u ime gradona\u010delnika pozdravila njegova zamjenica g\u0111a Vesna Kusin. Manifestacija pripadnika nacionalnih manjina hrvatskog glavnog grada odr\u017eala se po drugi put \u2013 prva je bila u lipnju 2013. g., a promovira njihove tradicionalne obi\u010daje, no\u0161nje, folklorno i glazbeno stvarala\u0161tvo, poeziju, izdava\u0161tvo, tiskovine. Ideja, nastala u Koordinaciji pro\u0161le godine pokazala se jako dobrom, \u0161to se potvrdilo i ove godine \u2013 bilo je puno posjetitelja, uprkos ki\u0161i, koja je poremetila samo redoslijed folklornih izvo\u0111a\u010da.<\/p>\n<p><img loading=\"lazy\" class=\"alignleft wp-image-1990 size-full\" src=\"https:\/\/www.bugari-u-hrvatskoj.com\/hr\/wp-content\/uploads\/2014\/09\/BUH_danmanjina_03.jpg\" alt=\"BUH_danmanjina_03\" width=\"475\" height=\"420\" srcset=\"https:\/\/www.bugari-u-hrvatskoj.com\/hr\/wp-content\/uploads\/2014\/09\/BUH_danmanjina_03.jpg 475w, https:\/\/www.bugari-u-hrvatskoj.com\/hr\/wp-content\/uploads\/2014\/09\/BUH_danmanjina_03-300x265.jpg 300w\" sizes=\"(max-width: 475px) 100vw, 475px\" \/><\/p>\n<p>&nbsp;<\/p>\n<p>Cilj ove manifestacije je prikazati kako su manjine dio hrvatskog dru\u0161tva koje oboga\u0107uju kulturu Zagreba svojom razli\u010dito\u0161\u0107u. Zapravo, etni\u010dka i multikulturna raznolikost i duh razumijevanja, uva\u017eavanja i tolerancije doprinose promicanju razvoja Republike Hrvatske, koja se i u svom Ustavnom zakonu o pravima nacionalnih manjina zala\u017ee za stvaranje i unaprje\u0111enje uvjeta potrebnih za odr\u017eavanje i razvijanje kulture pripadnika nacionalnih manjina te o\u010duvanje njihove vjere, jezika, tradicije i kulturne ba\u0161tine. Bitno je naglasiti kako hrvatska dr\u017eava u kontinuitetu vodi manjinsku politiku temeljenu na uvjerenju da su manjine most komunikacije i suradnje izme\u0111u Republike Hrvatske i njihove mati\u010dne dr\u017eave.<\/p>\n<p><img loading=\"lazy\" class=\"alignleft wp-image-1991 size-full\" src=\"https:\/\/www.bugari-u-hrvatskoj.com\/hr\/wp-content\/uploads\/2014\/09\/BUH_danmanjina_02.jpg\" alt=\"BUH_danmanjina_02\" width=\"475\" height=\"356\" srcset=\"https:\/\/www.bugari-u-hrvatskoj.com\/hr\/wp-content\/uploads\/2014\/09\/BUH_danmanjina_02.jpg 475w, https:\/\/www.bugari-u-hrvatskoj.com\/hr\/wp-content\/uploads\/2014\/09\/BUH_danmanjina_02-300x224.jpg 300w\" sizes=\"(max-width: 475px) 100vw, 475px\" \/><\/p>\n<p>&nbsp;<\/p>\n<p>Za pripadnike malobrojnih manjina, kao \u0161to je na\u0161a bugarska zajednica, ova manifestacija puno zna\u010di, jer mo\u017eemo pobli\u017ee upoznati veliki broj Zagrep\u010dana, pa i njihovih gostiju, s bugarskim obi\u010dajima, no\u0161njama, folklorom i gastronomskim specijalitetima, s kojima su posjetitelji bili odu\u0161evljeni. Ove smo godine pripremili musaku s patlid\u017eanima, pitu od \u0161pinata i sira, salatu \u201eSnjeguljicu\u201c od kiselog mlijeka i krastavaca, gris-halvu, kosane odreske od tikvica, sarmice od li\u0161\u0107a vinove loze. Iz Bugarske smo za ovu prigodu donijeli bugarsko crno i bijelo vino, poga\u010du (kruh) te bugarski sir i ka\u010dkavalj. Posjetiteljima na\u0161eg \u0161tanda bilo je jako privla\u010dno i zanimljivo jo\u0161 ne\u0161to \u2013 \u010dastili smo ih bugarskom raj\u010dicom! Po prvi put, nakon puno godina, u Zagrebu je uzgojena raj\u010dica sorte \u201eIdeal\u201c, dobro poznata starijim Zagrep\u010danima. Sjeme je izravno iz Bugarske uvezao Veljko To\u0161ev, sin bugarskog vrtlara. Pokusna proizvodnja ove godine, uprkos lo\u0161im klimatskim uvjetima, bila je uspje\u0161na i vjerujemo kako \u0107e dogodine interes za ovo povr\u0107e, iznimnog okusa i kvalitete, biti veliki. Pravovremeno, putem na\u0161e web stranice (www.bugari-u-hrvatskoj.com), obavijestit \u0107emo gdje \u0107e se sjeme ili presadnice mo\u0107i kupiti.<\/p>\n<p>Na \u0161tandu smo prezentirali i brojeve \u010dasopisa \u201eRodna rije\u010d\u201c, glasila Nacionalne zajednice Bugara u Hrvatskoj.<\/p>\n","protected":false},"excerpt":{"rendered":"<p>Autor: Ra\u0161ko Ivanov \u2022<\/p>\n<p>Pod pokroviteljstvom gradona\u010delnika, g. Milana Bandi\u0107a, 14. rujna, u parku Zrinjevac odr\u017eala se sve\u010danost obilje\u017eavanja Dana nacionalnih manjina Grada Zagreba. <\/p>\n","protected":false},"author":5,"featured_media":0,"comment_status":"closed","ping_status":"closed","sticky":false,"template":"","format":"standard","meta":{"ngg_post_thumbnail":0},"categories":[3],"tags":[],"_links":{"self":[{"href":"https:\/\/www.bugari-u-hrvatskoj.com\/hr\/wp-json\/wp\/v2\/posts\/1987"}],"collection":[{"href":"https:\/\/www.bugari-u-hrvatskoj.com\/hr\/wp-json\/wp\/v2\/posts"}],"about":[{"href":"https:\/\/www.bugari-u-hrvatskoj.com\/hr\/wp-json\/wp\/v2\/types\/post"}],"author":[{"embeddable":true,"href":"https:\/\/www.bugari-u-hrvatskoj.com\/hr\/wp-json\/wp\/v2\/users\/5"}],"replies":[{"embeddable":true,"href":"https:\/\/www.bugari-u-hrvatskoj.com\/hr\/wp-json\/wp\/v2\/comments?post=1987"}],"version-history":[{"count":5,"href":"https:\/\/www.bugari-u-hrvatskoj.com\/hr\/wp-json\/wp\/v2\/posts\/1987\/revisions"}],"predecessor-version":[{"id":2057,"href":"https:\/\/www.bugari-u-hrvatskoj.com\/hr\/wp-json\/wp\/v2\/posts\/1987\/revisions\/2057"}],"wp:attachment":[{"href":"https:\/\/www.bugari-u-hrvatskoj.com\/hr\/wp-json\/wp\/v2\/media?parent=1987"}],"wp:term":[{"taxonomy":"category","embeddable":true,"href":"https:\/\/www.bugari-u-hrvatskoj.com\/hr\/wp-json\/wp\/v2\/categories?post=1987"},{"taxonomy":"post_tag","embeddable":true,"href":"https:\/\/www.bugari-u-hrvatskoj.com\/hr\/wp-json\/wp\/v2\/tags?post=1987"}],"curies":[{"name":"wp","href":"https:\/\/api.w.org\/{rel}","templated":true}]}}