{"id":2281,"date":"2016-05-20T14:08:15","date_gmt":"2016-05-20T12:08:15","guid":{"rendered":"http:\/\/www.bugari-u-hrvatskoj.com\/hr\/?p=2281"},"modified":"2022-04-15T15:40:05","modified_gmt":"2022-04-15T13:40:05","slug":"bugarska-je-domacin-politickoj-eliti-jugoistocne-europe","status":"publish","type":"post","link":"https:\/\/www.bugari-u-hrvatskoj.com\/hr\/bugarska-je-domacin-politickoj-eliti-jugoistocne-europe\/","title":{"rendered":"BUGARSKA JE DOMA\u0106IN POLITI\u010cKOJ ELITI JUGOISTO\u010cNE EUROPE"},"content":{"rendered":"<p>U Sofiji \u0107e se 31. svibnja i 1. lipnja 2016. godine sastati predsjednici i ministri vanjskih poslova Jugoisto\u010dne Europe. Povod susretu je zavr\u0161etak mandata bugarskog jednogodi\u0161njeg ( od 1. srpnja 2015. do 30. lipnja 2016.g.) predsjedanja Procesom suradnje u Jugoisto\u010dnoj Europi (SEECP \u2013 South-East European Cooperation Process) pod motom \u201eSEECP \u2013 20 godina klju\u010d regionalne suradnje\u201c. Proces je pokrenut u Sofiji 1996. godine.<\/p>\n<p>Bugarsko se tijekom predsjedanja vodila dugoro\u010dnom vizijom dr\u017eave da su stabilnost, mir i razvoj regije mogu\u0107i uz sna\u017eno nagla\u0161eno i nepovratno produbljivanje demokracije. Upravo stoga je nu\u017eno poduprijeti ozbiljne reforme na putu prema europskim integracijama dr\u017eava Zapadnog Balkana. Zemlje u regiji moraju misliti i djelovati zajedno, jer aktualni izazovi pred njima iziskuju koordinaciju i zajedni\u010dka rje\u0161enja.<\/p>\n<p>Odabir prioriteta bugarskog predsjedanja (migracije i rje\u0161avanje priljeva izbjeglica, sloboda medija i izra\u017eavanja, razvoj prometne\u00a0i energetske infrastrukturne povezanosti) konkretan su izraz nastojanja da se europski program pribli\u017ei Zapadnom Balkanu i regiji Jugoisto\u010dne Europe u cjelini.<\/p>\n<p>Posebna pozornost u vrijeme ovog predsjedanja bila je usmjerena na migracije i priljev izbjeglica, \u0161to je iziskivalo aktivniju suradnju i zajedni\u010dko djelovanje. S tim ciljem, tijekom neformalnog susreta ministara vanjskih poslova u velja\u010di ove godine u Sofiji, inicijativom bugarskog ministra vanjskih poslova prihva\u0107ena je Zajedni\u010dka izjava o rje\u0161avanju izazova koje predstavljaju migracijska strujanja.<\/p>\n<p>Konkurencija i diverzifikacija su \u010dimbenici koji \u0107e dovesti do sni\u017eavanja cijena energetskim resursima, \u0161to je u interesu krajnjeg korisnika. S druge strane, prometna infrastruktura je klju\u010dna, kako za gospodarski razvoj tako i za me\u0111usobno kontaktiranje ljudi u regiji. A\u00a0da bi se sve to postiglo potrebni su pragmatizam, kolektivna volja i zajedni\u010dko djelovanje svih dr\u017eava.<\/p>\n<p>Dana 31. svibnja 2016. godine sastat \u0107e se ministri vanjskih poslova, koji \u0107e raspravljati o aktualnim izazovima u Jugoisto\u010dnoj Europi. Doma\u0107in susreta bit \u0107e bugarski ministar vanjskih poslova Daniel Mitov, a me\u0111u sudionicima foruma bit \u0107e ministri vanjskih poslova. Predvi\u0111eno je da sastanku prisustvuju Nikolaos Kotzias, Miro Kova\u010d, Igor Crnadak, Lazar Comanescu i Nikola Poposki.<\/p>\n<p>Na predstoje\u0107em susretu predsjednika dr\u017eava i vlada 1. lipnja 2016. g. u Sofiji, Bugarska \u0107e predsjedavanje Procesom predati Hrvatskoj, ali \u0107e ostati aktivan sudionik u okviru Trojke.<\/p>\n<p>Svoje sudjelovanje na sastanku potvrdili su predsjednici Bujar Nishani, Nicolae Timofti, Kolinda Grabar-Kitarovi\u0107, Bakir Izetbegovi\u0107, Filip Vujanovi\u0107, Hashim Thaci i George Ivanov, kao i premijer Dacian Ciolos i potpredsjednici vlada Karl Erjavec i Tugrul Turkes.<\/p>\n<p>Me\u0111u onima koji su potvrdili prisustvovanje ovom sastanku tako\u0111er su i generalni tajnik OSCE-a Lamberto Zannier, generalni tajnik Savjeta za regionalnu suradnju Goran Svilanovi\u0107, kao i predstavnici europskih institucija.<\/p>\n<p>U okviru susreta na najvi\u0161oj razini predvi\u0111eno je prihva\u0107anje deklaracije u kojoj \u0107e se istaknuti\u00a0postignu\u0107a u Procesu tijekom posljednja dva desetlje\u0107a. Poseban naglasak u dokumentu bit \u0107e na zajedni\u010dkim djelovanjima za budu\u0107i razvoj regije.<\/p>\n","protected":false},"excerpt":{"rendered":"<p>U Sofiji \u0107e se 31. svibnja i 1. lipnja 2016. godine sastati predsjednici i ministri vanjskih poslova Jugoisto\u010dne Europe. Povod susretu je zavr\u0161etak mandata bugarskog jednogodi\u0161njeg ( od 1. srpnja 2015. do 30. lipnja 2016.g.) predsjedanja Procesom suradnje u Jugoisto\u010dnoj Europi (SEECP \u2013 South-East European Cooperation Process) pod motom \u201eSEECP \u2013 20 godina klju\u010d regionalne &#8230; <a class=\"more-link\" href=\"https:\/\/www.bugari-u-hrvatskoj.com\/hr\/bugarska-je-domacin-politickoj-eliti-jugoistocne-europe\/\">Nastavi<span class=\"screen-reader-text\">BUGARSKA JE DOMA\u0106IN POLITI\u010cKOJ ELITI JUGOISTO\u010cNE EUROPE<\/span><span class=\"meta-nav\">\u2192<\/span><\/a><\/p>\n","protected":false},"author":1,"featured_media":2282,"comment_status":"closed","ping_status":"closed","sticky":false,"template":"","format":"standard","meta":{"ngg_post_thumbnail":0},"categories":[3,69],"tags":[],"_links":{"self":[{"href":"https:\/\/www.bugari-u-hrvatskoj.com\/hr\/wp-json\/wp\/v2\/posts\/2281"}],"collection":[{"href":"https:\/\/www.bugari-u-hrvatskoj.com\/hr\/wp-json\/wp\/v2\/posts"}],"about":[{"href":"https:\/\/www.bugari-u-hrvatskoj.com\/hr\/wp-json\/wp\/v2\/types\/post"}],"author":[{"embeddable":true,"href":"https:\/\/www.bugari-u-hrvatskoj.com\/hr\/wp-json\/wp\/v2\/users\/1"}],"replies":[{"embeddable":true,"href":"https:\/\/www.bugari-u-hrvatskoj.com\/hr\/wp-json\/wp\/v2\/comments?post=2281"}],"version-history":[{"count":3,"href":"https:\/\/www.bugari-u-hrvatskoj.com\/hr\/wp-json\/wp\/v2\/posts\/2281\/revisions"}],"predecessor-version":[{"id":2299,"href":"https:\/\/www.bugari-u-hrvatskoj.com\/hr\/wp-json\/wp\/v2\/posts\/2281\/revisions\/2299"}],"wp:featuredmedia":[{"embeddable":true,"href":"https:\/\/www.bugari-u-hrvatskoj.com\/hr\/wp-json\/wp\/v2\/media\/2282"}],"wp:attachment":[{"href":"https:\/\/www.bugari-u-hrvatskoj.com\/hr\/wp-json\/wp\/v2\/media?parent=2281"}],"wp:term":[{"taxonomy":"category","embeddable":true,"href":"https:\/\/www.bugari-u-hrvatskoj.com\/hr\/wp-json\/wp\/v2\/categories?post=2281"},{"taxonomy":"post_tag","embeddable":true,"href":"https:\/\/www.bugari-u-hrvatskoj.com\/hr\/wp-json\/wp\/v2\/tags?post=2281"}],"curies":[{"name":"wp","href":"https:\/\/api.w.org\/{rel}","templated":true}]}}