{"id":2536,"date":"2018-03-03T12:03:15","date_gmt":"2018-03-03T11:03:15","guid":{"rendered":"http:\/\/www.bugari-u-hrvatskoj.com\/hr\/?p=2536"},"modified":"2022-04-15T15:40:05","modified_gmt":"2022-04-15T13:40:05","slug":"treci-ozujka-nacionalni-praznik-republike-bugarske-2","status":"publish","type":"post","link":"https:\/\/www.bugari-u-hrvatskoj.com\/hr\/treci-ozujka-nacionalni-praznik-republike-bugarske-2\/","title":{"rendered":"TRE\u0106I O\u017dUJKA &#8211; NACIONALNI PRAZNIK REPUBLIKE BUGARSKE"},"content":{"rendered":"<h4><span style=\"color: #000000;\"><strong>140 GODINA OD OSLOBO\u0110ENJA BUGARSKE<\/strong><\/span><\/h4>\n<p><img loading=\"lazy\" class=\" wp-image-2541 alignleft\" src=\"https:\/\/www.bugari-u-hrvatskoj.com\/hr\/wp-content\/uploads\/2018\/03\/Bulgaria-SanStefano_-1878-byTodorBozhinov-474x370.png\" alt=\"Bulgaria-SanStefano_-(1878)-byTodorBozhinov\" width=\"241\" height=\"188\" srcset=\"https:\/\/www.bugari-u-hrvatskoj.com\/hr\/wp-content\/uploads\/2018\/03\/Bulgaria-SanStefano_-1878-byTodorBozhinov-474x370.png 474w, https:\/\/www.bugari-u-hrvatskoj.com\/hr\/wp-content\/uploads\/2018\/03\/Bulgaria-SanStefano_-1878-byTodorBozhinov-768x599.png 768w, https:\/\/www.bugari-u-hrvatskoj.com\/hr\/wp-content\/uploads\/2018\/03\/Bulgaria-SanStefano_-1878-byTodorBozhinov.png 776w\" sizes=\"(max-width: 241px) 100vw, 241px\" \/>Dana 3. o\u017eujka slavimo Dan oslobo\u0111enja Bugarske od \u041etomanske vladavine, koja je trajala 482 godine. Spletke, sebi\u010dne ambicije, podmitljivost i dekadencija plemstva doveli su do propadanja i rascjepkanosti Drugog bugarskog carstva na tri \u201edr\u017eavice\u201c \u2013 Trnovsko carstvo (car Ivan \u0160i\u0161man), Vidinsko carstvo (car Ivan Sracimir) i Dobrud\u017eanska kne\u017eevina (despotum Dobrotitca). To je u kona\u010dnici dovelo i do najve\u0107e i dugotrajne tragedije bugarskog naroda.<\/p>\n<p>Bugarski preporod zavr\u0161ava\u00a0trima doga\u0111ajima:<\/p>\n<p>Sanstefanskim mirom,\u00a0koji samo na papiru stvara bugarsku dr\u017eavu, u velikoj mjeri odre\u0111enu etni\u010dkim granicama Bugarske, sukladnima Carigradskoj konferenciji velikih sila (1876. g.);<\/p>\n<p>Berlinskim ugovorom (1878), kojim je oduzeta ve\u0107ina podru\u010dja, naseljenih Bugarima, a uklju\u010denih Sanstefanskim mirom u novostvorenu bugarsku dr\u017eavu<\/p>\n<p>Ujedinjenjem Kne\u017eevine Bugarske i Isto\u010dne Rumelije (1885.g.), kada se dio izgubljenih teritorija vra\u0107a (ponovno) u okvir Kne\u017eevine Bugarske.<\/p>\n<p>Dana 3. o\u017eujka 1878. godine potpisan je preliminarni Sanstefanski mirovni sporazum. S ruske strane sporazum je potpisao grof N. Ignatijev. Sama pobjednica \u2013 Rusija, najavila je da \u0107e biti revidiran, odnosno, on nije kona\u010dan. Bugari na vlastitoj ko\u017ei osje\u0107aju da je tome tako \u2013 sporazum \u201etraje koliko i snijeg na planinskom vrhu \u0160ipka\u201c \u2013 do 13. srpnja 1878. godine, kada je potpisan Berlinski ugovor, koji potvr\u0111uje, s pravne to\u010dke, rezultate rata 1877.-1878. godine.<\/p>\n<p>\u010cinjenica je da je Sanstefanski mir privremeni rusko-turski sporazum, u kojem ne sudjeluju ni velike sile, a ni Bugari. Bugarska kne\u017eevina, nacrtana na karti u San Stefanu, ne odgovara u potpunosti teritorijalnom opsegu Bugarske egzarhije (egzarhijske dijeceze) priznate sultanskim dekretom 1870. godine. Nadalje, prema Ugovoru iz San Stefana, Rusija Rumunjskoj ustupa sjevernu Dobrud\u017eu, a Srbiji Ni\u0161 i okolicu. Ali, oba navedena podru\u010dja su ozna\u010dena kao sastavni dio bugarskog teritorija \u2013 u \u010dlanku 10 spomenutog sultanskog dekreta iz 1870. g., a tako potvr\u0111uju i velike sile na Carigradskoj konferenciji 1876. g.<\/p>\n<p>Tre\u0107i o\u017eujak podsvjesno smatramo po\u010detkom moderne Bugarske. Ali bugarski nacionalni ideal nije oblikovan odlukama donesenima u San Stefanu. Bugarski nacionalni ideal oblikovali su na\u0161i narodni preporoditelji i nara\u0161taji Bugara koji su u njegovo ime dali svoje \u017eivote u pobunama, ustancima i ratovima. Oslobo\u0111enje nije jednokratni \u010din, nego proces koji traje desetlje\u0107ima \u2013 navodi u analizi povodom 3. o\u017eujka politolog doc. Mom\u010dil Doj\u010dev. Svakako se sla\u017eem s njim \u2013 nakon 1878. g. Bugari di\u017eu dva ustanka \u2013 Kresnensko-Razlo\u0161ki i Ilindenski ustanak i sudjeluju u <u>pet <\/u><u>ratova<\/u> za nacionalno ujedinjenje: Srpsko-bugarskom (1885. g.), Prvom balkanskom ratu (1912. g.), Drugom balkanskom ratu (1913. g.) ili Me\u0111usavezni\u010dkom ratu \u2013 kako se nazivao u Bugarskoj, Prvom\u00a0i Drugom svjetskom ratu.<\/p>\n<p>Od 1. sije\u010dnja 2007. godine Bugarska je \u010dlanica Europske unije. \u0160to je danas to\u010dno bugarski nacionalni ideal? Je li druga\u010diji od onoga za \u201e\u010distu i svetu republiku\u201c, koji nam je ostavio <em>apostol slobode<\/em> Vasil Levski? Kakav je nacionalni karakter ideala \u2013 sada i u budu\u0107nosti?<\/p>\n<p>Dan oslobo\u0111enja Bugarske od otomanske vlasti\u00a0je prigoda za po\u017eeljeti da Europska unija bude sredstvo kojim \u0107emo posti\u0107i suvremeni bugarski nacionalni ideal \u2013 izgradnju moderne, prosperitetne i demokratske dr\u017eave.<\/p>\n","protected":false},"excerpt":{"rendered":"<p>140 GODINA OD OSLOBO\u0110ENJA BUGARSKE Dana 3. o\u017eujka slavimo Dan oslobo\u0111enja Bugarske od \u041etomanske vladavine, koja je trajala 482 godine. Spletke, sebi\u010dne ambicije, podmitljivost i dekadencija plemstva doveli su do propadanja i rascjepkanosti Drugog bugarskog carstva na tri \u201edr\u017eavice\u201c \u2013 Trnovsko carstvo (car Ivan \u0160i\u0161man), Vidinsko carstvo (car Ivan Sracimir) i Dobrud\u017eanska kne\u017eevina (despotum Dobrotitca). &#8230; <a class=\"more-link\" href=\"https:\/\/www.bugari-u-hrvatskoj.com\/hr\/treci-ozujka-nacionalni-praznik-republike-bugarske-2\/\">Nastavi<span class=\"screen-reader-text\">TRE\u0106I O\u017dUJKA &#8211; NACIONALNI PRAZNIK REPUBLIKE BUGARSKE<\/span><span class=\"meta-nav\">\u2192<\/span><\/a><\/p>\n","protected":false},"author":7,"featured_media":2257,"comment_status":"closed","ping_status":"closed","sticky":false,"template":"","format":"standard","meta":{"ngg_post_thumbnail":0},"categories":[3,5],"tags":[],"_links":{"self":[{"href":"https:\/\/www.bugari-u-hrvatskoj.com\/hr\/wp-json\/wp\/v2\/posts\/2536"}],"collection":[{"href":"https:\/\/www.bugari-u-hrvatskoj.com\/hr\/wp-json\/wp\/v2\/posts"}],"about":[{"href":"https:\/\/www.bugari-u-hrvatskoj.com\/hr\/wp-json\/wp\/v2\/types\/post"}],"author":[{"embeddable":true,"href":"https:\/\/www.bugari-u-hrvatskoj.com\/hr\/wp-json\/wp\/v2\/users\/7"}],"replies":[{"embeddable":true,"href":"https:\/\/www.bugari-u-hrvatskoj.com\/hr\/wp-json\/wp\/v2\/comments?post=2536"}],"version-history":[{"count":2,"href":"https:\/\/www.bugari-u-hrvatskoj.com\/hr\/wp-json\/wp\/v2\/posts\/2536\/revisions"}],"predecessor-version":[{"id":2542,"href":"https:\/\/www.bugari-u-hrvatskoj.com\/hr\/wp-json\/wp\/v2\/posts\/2536\/revisions\/2542"}],"wp:featuredmedia":[{"embeddable":true,"href":"https:\/\/www.bugari-u-hrvatskoj.com\/hr\/wp-json\/wp\/v2\/media\/2257"}],"wp:attachment":[{"href":"https:\/\/www.bugari-u-hrvatskoj.com\/hr\/wp-json\/wp\/v2\/media?parent=2536"}],"wp:term":[{"taxonomy":"category","embeddable":true,"href":"https:\/\/www.bugari-u-hrvatskoj.com\/hr\/wp-json\/wp\/v2\/categories?post=2536"},{"taxonomy":"post_tag","embeddable":true,"href":"https:\/\/www.bugari-u-hrvatskoj.com\/hr\/wp-json\/wp\/v2\/tags?post=2536"}],"curies":[{"name":"wp","href":"https:\/\/api.w.org\/{rel}","templated":true}]}}