{"id":2616,"date":"2018-06-30T10:01:12","date_gmt":"2018-06-30T08:01:12","guid":{"rendered":"http:\/\/www.bugari-u-hrvatskoj.com\/hr\/?p=2616"},"modified":"2022-04-15T15:40:04","modified_gmt":"2022-04-15T13:40:04","slug":"od-kneza-mislava-do-washingtona","status":"publish","type":"post","link":"https:\/\/www.bugari-u-hrvatskoj.com\/hr\/od-kneza-mislava-do-washingtona\/","title":{"rendered":"OD KNEZA MISLAVA DO WASHINGTONA"},"content":{"rendered":"<p>&nbsp;<\/p>\n<p>U \u017eivotu sve po\u010dinje malim svarima. Tako je bilo i s na\u0161im \u010dasopisom \u201eRodna rije\u010d\u201c. Njegov put k \u010ditateljima po\u010deo je prije 15 godina iz jednog privatnog stana i sa svega nekoliko entuzijasta. Ra\u0161ko Ivanov, predsjednik tada Dru\u0161tva Bugara u Hrvatskoj, ve\u0107 od samog osnivanja Dru\u0161tva 1998. g., imao je ideju o izdavanju novina ili \u010dasopisa koji bi Hrvatima predstavili Bugare. Za izdavanje novina nu\u017ena su velika financijska sredstva i ljudski resursi. Izbor je bio \u2013 izdavanje \u010dasopisa! Usprkos svim zaprekama, prije svega nedostatku prostora, sredstava i ljudi, prvi broj \u201eRodne rije\u010di\u201c \u2013 glasila Nacionalne zajednice Bugara u Hrvatskoj, objavljen je krajem 2003. g. Od samoga po\u010detka ljestvica je podignuta veoma visoko \u2013 \u010dasopis \u0107e biti dvojezi\u010dan: na bugarskome i na hrvatskome jeziku!<\/p>\n<p><img loading=\"lazy\" class=\" wp-image-2618\" src=\"https:\/\/www.bugari-u-hrvatskoj.com\/hr\/wp-content\/uploads\/2018\/07\/Intervju-za-Rodnu-rijec-1-474x356.jpg\" alt=\"OLYMPUS DIGITAL CAMERA\" width=\"312\" height=\"234\" srcset=\"https:\/\/www.bugari-u-hrvatskoj.com\/hr\/wp-content\/uploads\/2018\/07\/Intervju-za-Rodnu-rijec-1-474x356.jpg 474w, https:\/\/www.bugari-u-hrvatskoj.com\/hr\/wp-content\/uploads\/2018\/07\/Intervju-za-Rodnu-rijec-1-768x576.jpg 768w, https:\/\/www.bugari-u-hrvatskoj.com\/hr\/wp-content\/uploads\/2018\/07\/Intervju-za-Rodnu-rijec-1-1024x768.jpg 1024w\" sizes=\"(max-width: 312px) 100vw, 312px\" \/><\/p>\n<p>Entuzijazam i energija Ra\u0161ka Ivanova bili su zarazni za ekipu koja je ostvarivala njegovu ideju. Prisjetimo se imena prvih suradnika: Eli Lazarova Sladi\u0107, glavna urednica, Tatjana Dunkova, pomo\u0107nica glavne urednice, Ra\u0161ko Ivanov, Katica Brajkovi\u0107, Stojan Stojanov, Marijana Bijeli\u0107 i Ana Vasung, \u010dlanovi redakcije, Tomislava Juro\u0161, dizajn i grafi\u010dka priprema, Mario Sladi\u0107 i Dubravko Poleti, idejno rje\u0161enje naslovnice. \u010casopis je izlazio uz financijsku potporu tada novoosnovanog Savjeta za nacionalne manjine pri Vladi Republike Hrvatske.<\/p>\n<p><img loading=\"lazy\" class=\"wp-image-2620 alignleft\" src=\"https:\/\/www.bugari-u-hrvatskoj.com\/hr\/wp-content\/uploads\/2018\/07\/Rodna-rije\u010d-2-474x313.jpg\" alt=\"Rodna rije\u010d 2\" width=\"282\" height=\"186\" srcset=\"https:\/\/www.bugari-u-hrvatskoj.com\/hr\/wp-content\/uploads\/2018\/07\/Rodna-rije\u010d-2-474x313.jpg 474w, https:\/\/www.bugari-u-hrvatskoj.com\/hr\/wp-content\/uploads\/2018\/07\/Rodna-rije\u010d-2-768x508.jpg 768w, https:\/\/www.bugari-u-hrvatskoj.com\/hr\/wp-content\/uploads\/2018\/07\/Rodna-rije\u010d-2-1024x677.jpg 1024w\" sizes=\"(max-width: 282px) 100vw, 282px\" \/><\/p>\n<p>U svom obra\u0107anju \u010ditateljima, Ra\u0161ko Ivanov je iznio glavne zada\u0107e \u201eRodne rije\u010di\u201c: \u201eIspri\u010dati i pojasniti mnoge \u010dinjenice, povijesne doga\u0111aje, kako bi se ispravile nepravedne optu\u017ebe, da bi se na najmanju mogu\u0107u mjeru sveli godinama gomilani stereotipi i da sve upoznamo s bugarskim narodom, s Bugarskom, s onima koji su kroz stolje\u0107a razvijali i \u010duvali bugarsko-hrvatske odnose.\u201c<\/p>\n<p>U drugi broj, objavljen po\u010detkom 2004. g. uklju\u010dena je i rubirka \u201eIz \u017eivota na\u0161e Zajednice\u201c. Iz teksta postaje jasno kroz kakve i koliko te\u0161ko\u0107a, strahova i neizvjesnosti je prolazila redakcija \u010dasopisa. Evo \u0161to je pisao predsjednik Zajednice, Ra\u0161ko Ivanov: \u201ePoslije izlaska prvoga broja na\u0161eg \u010dasopisa, jako sam strahovao da se ne ponovi 1942. godina, kad je zbog rata prvi broj dvojezi\u010dnog \u010dasopisa \u201eZagreb \u2013 Sofija\u201c bio ujedno i posljednji broj. Ali, mi smo pre\u0161li Rubikon i \u010dini mi se da vi\u0161e nema opasnosti za &#8216;Rodnu rije\u010d&#8217;. Iz reakcija obi\u010dnih ljudi i onih iz institucija vidljivo je da je \u010dasopis ispunio jednu veliku prazninu i \u0161to je najva\u017enije, da ima va\u017enu ulogu u okupljanju i o\u010duvanju bugarske zajednice u Republici Hrvatskoj. Zasad postoji samo jedan problem, a on je financiranje. Iznos koji je 2004. odobrio Savjet za nacionalne manjine bit \u0107e dostatan za dva broja ove godine, a ne za \u010detiri kako smo planirali.\u201c Ali, Ra\u0161ko Ivanov priop\u0107io je i jednu vrlo lijepu vijest: odlukom zagreba\u010dkog gradskog poglavarstva, od 1. listopada 2004.g. Bugarskoj zajednici dodijeljen je prostor u jednoj od sredi\u0161njih zagreba\u010dkih ulica \u2013 u Ulici kneza Mislava, na broju 13. Tako i redakcija ve\u0107 ima mjesto gdje \u0107e se okupljati i raditi. Ka\u017eu da je brojka 13 nesretna&#8230; Ali, vrijeme \u0107e pokazati da za na\u0161 \u010dasopis to nije tako. Naprotiv!<\/p>\n<p><img loading=\"lazy\" class=\"wp-image-2619 alignleft\" src=\"https:\/\/www.bugari-u-hrvatskoj.com\/hr\/wp-content\/uploads\/2018\/07\/Rodna-rije\u010d-11-474x356.jpg\" alt=\"Rodna rije\u010d 11\" width=\"308\" height=\"231\" srcset=\"https:\/\/www.bugari-u-hrvatskoj.com\/hr\/wp-content\/uploads\/2018\/07\/Rodna-rije\u010d-11-474x356.jpg 474w, https:\/\/www.bugari-u-hrvatskoj.com\/hr\/wp-content\/uploads\/2018\/07\/Rodna-rije\u010d-11.jpg 640w\" sizes=\"(max-width: 308px) 100vw, 308px\" \/><\/p>\n<p>U proteklih 15 godina mijenjali su se \u010dlanovi redakcije, grafi\u010dki izgled, rubrike. U 2005. g. objavljena su tri broja \u010dasopisa, od tre\u0107eg broja glavna urednica bila je Marija Ivanova. S novim grafi\u010dkim izgledom \u201eRodna rije\u010d\u201c po\u010dela je izlaziti 2006. g. U \u010dasopisu su se pojavile i nizale rubrike \u201e\u0160to je novo?\u201c, \u201ePrisjetimo se&#8230;\u201c, \u201eBugari kojima se ponosimo\u201c, \u201ePredstavljamo vam&#8230;\u201c, \u201eI to je Bugarska\u201c, \u201eNa\u0161 gost\u201c, \u201eBugarsko kulturno naslje\u0111e\u201c , \u201eOtkrijte ljepote Bugarske\u201c, \u201eKnji\u017eevna gostoprimnica\u201c, \u201eOsobne veze\u201c, \u201eZagreba\u010dki \u0111aci\u201c i druge. Od 2012. g. glavna urednica \u201eRodne rije\u010di\u201c je Diana Glasnova. Ali, glavni ciljevi \u010dasopisa od samoga po\u010detka do danas ostali su isti \u2013 potvr\u0111ivanje bugarske zajednice u Hrvatskoj, bugarsko-hrvatskih odnosa kroz stolje\u0107a i danas, potpora me\u0111usobnom upoznavanju na\u0161ih dvaju naroda, o\u010duvanje bugarskih tradicija, obi\u010daja i jezika, upoznavanje hrvatskog dru\u0161tva s povije\u0161\u0107u i prirodnim ljepotama Bugarske. Da, u \u010dasopisu je i jedna rubrika koja se nije promijenila i nije nikad izostavljena \u2013 od prvoga broja do danas. Rije\u010d je o rubrici \u201eNa\u0161a bugarska kuhinja\u201c! Na radost svih ljubitelja dobre hrane i na\u0161ih hrvatskih prijatelja kojih je iz godine u godinu sve vi\u0161e i vi\u0161e.<\/p>\n<p>\u201eRodnu rije\u010d\u201c \u0161aljemo predsjedni\u010dkim institucijama, parlamentima, vladama, ministarstvima kulture, nacionalnim knji\u017enicama, akademijama znanosti i nizu drugih organizacija u Hrvatskoj i Bugarskoj. Dobivaju je istaknuti kulturni, politi\u010dki i dru\u0161tveni djelatnici. Iz godine u godinu dobiva sve vi\u0161e pohvala i priznanja. \u010casopis je progla\u0161en najboljim me\u0111u \u010dasopisima nacionalnih manjina u gradu Zagrebu, emisija hrvatske nacionalne televizije \u201ePrizma\u201c, koja prati djelovanje i aktivnosti nacionalnih manjina, emitirala je posebnu emisiju posve\u0107enu na\u0161em \u010dasopisu. Godine 2010. redakciji su upu\u0107ene pohvale i pozdravi iz Kabineta predsjednika Georgija Prvanova. Veliko priznanje stiglo je i s druge strane Atlantika \u2013 od 2016. g. \u201eRodna rije\u010d\u201c je dio fonda ameri\u010dke Kongresne knji\u017enice u Washingtonu, koja je otkupila sve dosad objavljene brojeve \u010dasopisa, a s predstavnicima Knji\u017enice dogovoreno je da im nadalje redovito \u0161aljemo i svaki novoiza\u0161li broj. Za redakciju je osobita \u010dast da \u010dasopis Nacionalne zajednice Bugara u Hrvatskoj bude me\u0111u onih vi\u0161e od 160 milijuna jedinica, na oko 470 jezika, koji se \u010duvaju, u stvari, u nacionalnoj knji\u017enici Sjedinjenih Dr\u017eava.<\/p>\n<p>Te\u0161ki su bili prvi koraci \u201eRodne rije\u010di\u201c. Ali, entuzijazam, neprestana \u017eelja za pobolj\u0161anjem i trud svih suradnika i \u010dlanova redakcije, od 2003. godine do danas, doveli su \u010dasopis na veliki put od zagreba\u010dke Ulice kneza Mislava do Washingtona.<\/p>\n<p><em>Prevela Katica Sedlar<\/em><\/p>\n<p>&nbsp;<\/p>\n","protected":false},"excerpt":{"rendered":"<p>&nbsp; U \u017eivotu sve po\u010dinje malim svarima. Tako je bilo i s na\u0161im \u010dasopisom \u201eRodna rije\u010d\u201c. Njegov put k \u010ditateljima po\u010deo je prije 15 godina iz jednog privatnog stana i sa svega nekoliko entuzijasta. Ra\u0161ko Ivanov, predsjednik tada Dru\u0161tva Bugara u Hrvatskoj, ve\u0107 od samog osnivanja Dru\u0161tva 1998. g., imao je ideju o izdavanju novina &#8230; <a class=\"more-link\" href=\"https:\/\/www.bugari-u-hrvatskoj.com\/hr\/od-kneza-mislava-do-washingtona\/\">Nastavi<span class=\"screen-reader-text\">OD KNEZA MISLAVA DO WASHINGTONA<\/span><span class=\"meta-nav\">\u2192<\/span><\/a><\/p>\n","protected":false},"author":7,"featured_media":2617,"comment_status":"closed","ping_status":"closed","sticky":false,"template":"","format":"standard","meta":{"ngg_post_thumbnail":0},"categories":[4,7],"tags":[],"_links":{"self":[{"href":"https:\/\/www.bugari-u-hrvatskoj.com\/hr\/wp-json\/wp\/v2\/posts\/2616"}],"collection":[{"href":"https:\/\/www.bugari-u-hrvatskoj.com\/hr\/wp-json\/wp\/v2\/posts"}],"about":[{"href":"https:\/\/www.bugari-u-hrvatskoj.com\/hr\/wp-json\/wp\/v2\/types\/post"}],"author":[{"embeddable":true,"href":"https:\/\/www.bugari-u-hrvatskoj.com\/hr\/wp-json\/wp\/v2\/users\/7"}],"replies":[{"embeddable":true,"href":"https:\/\/www.bugari-u-hrvatskoj.com\/hr\/wp-json\/wp\/v2\/comments?post=2616"}],"version-history":[{"count":3,"href":"https:\/\/www.bugari-u-hrvatskoj.com\/hr\/wp-json\/wp\/v2\/posts\/2616\/revisions"}],"predecessor-version":[{"id":2622,"href":"https:\/\/www.bugari-u-hrvatskoj.com\/hr\/wp-json\/wp\/v2\/posts\/2616\/revisions\/2622"}],"wp:featuredmedia":[{"embeddable":true,"href":"https:\/\/www.bugari-u-hrvatskoj.com\/hr\/wp-json\/wp\/v2\/media\/2617"}],"wp:attachment":[{"href":"https:\/\/www.bugari-u-hrvatskoj.com\/hr\/wp-json\/wp\/v2\/media?parent=2616"}],"wp:term":[{"taxonomy":"category","embeddable":true,"href":"https:\/\/www.bugari-u-hrvatskoj.com\/hr\/wp-json\/wp\/v2\/categories?post=2616"},{"taxonomy":"post_tag","embeddable":true,"href":"https:\/\/www.bugari-u-hrvatskoj.com\/hr\/wp-json\/wp\/v2\/tags?post=2616"}],"curies":[{"name":"wp","href":"https:\/\/api.w.org\/{rel}","templated":true}]}}