{"id":2826,"date":"2020-05-24T11:21:06","date_gmt":"2020-05-24T09:21:06","guid":{"rendered":"http:\/\/www.bugari-u-hrvatskoj.com\/hr\/?p=2826"},"modified":"2022-04-15T15:40:04","modified_gmt":"2022-04-15T13:40:04","slug":"pred-nama-ce-svijetliti-slova-da-nas-cuvaju-i-da-nas-vode","status":"publish","type":"post","link":"https:\/\/www.bugari-u-hrvatskoj.com\/hr\/pred-nama-ce-svijetliti-slova-da-nas-cuvaju-i-da-nas-vode\/","title":{"rendered":"\u201ePRED NAMA \u0106E SVIJETLITI SLOVA, DA NAS \u010cUVAJU I DA NAS VODE!"},"content":{"rendered":"<p><strong>POZDRAVNA RIJE\u010c MINISTRA OBRAZOVANJA I ZNANOSTI, KRASIMIRA VAL\u010cEVA, POVODOM 24. SVIBNJA, DANA BUGARSKE PROSVJETE I KULTURE I SLAVENSKOGA PISMA<\/strong><\/p>\n<p><img loading=\"lazy\" class=\"wp-image-2824 alignleft\" src=\"https:\/\/www.bugari-u-hrvatskoj.com\/hr\/wp-content\/uploads\/2020\/05\/ministar-kulture-474x316.jpg\" alt=\"ministar kulture\" width=\"285\" height=\"190\" srcset=\"https:\/\/www.bugari-u-hrvatskoj.com\/hr\/wp-content\/uploads\/2020\/05\/ministar-kulture-474x316.jpg 474w, https:\/\/www.bugari-u-hrvatskoj.com\/hr\/wp-content\/uploads\/2020\/05\/ministar-kulture-768x512.jpg 768w, https:\/\/www.bugari-u-hrvatskoj.com\/hr\/wp-content\/uploads\/2020\/05\/ministar-kulture-1024x683.jpg 1024w, https:\/\/www.bugari-u-hrvatskoj.com\/hr\/wp-content\/uploads\/2020\/05\/ministar-kulture.jpg 1620w\" sizes=\"(max-width: 285px) 100vw, 285px\" \/><\/p>\n<p>Po\u0161tovane dame i gospodo!<br \/>\nPo\u0161tovani nastavnici, znanstvenici, kulturni djelatnici, knji\u017eevnici!<br \/>\nDraga djeco, u\u010denici i studenti!<\/p>\n<p>&nbsp;<\/p>\n<p>24. svibanj je datum kojemu nije potrebno poja\u0161njavati razloge njegova mjesta u na\u0161oj povijesti. To je datum koji u sebi objedinjuje i pro\u0161lost i sada\u0161njost, kako bi utro put na\u0161oj zajedni\u010dkoj budu\u0107nosti.<\/p>\n<p>Slavimo svoj jezik i pismo, obrazovanje i kulturu, koji nas izgra\u0111uju kao osobe i odre\u0111uju kao narod. Ovo je dan na\u0161eg ponosa, ali i po\u0161tovanja i zahvalnosti. Po\u0161tovanja prema na\u0161im prosvjetiteljima. Zahvalni smo na\u0161im u\u010diteljima, nastavnicima, znanstvenicima, kulturnim djelatnicima i knji\u017eevnicima.<\/p>\n<p>Danas se praznik vratio svojoj su\u0161tini \u2013 da nas vodi kroz pote\u0161ko\u0107e. Uz pomo\u0107 rije\u010di me\u0111usobno se podupiremo, zahvaljuju\u0107i njoj izra\u017eavamo svoje misli, osje\u0107aje i svoje nade. I to je praznik ba\u0161 svih Bugara. Pred nama \u0107e svijetliti slova, da nas \u010duvaju i vode. Slova koja smo nau\u010dili, jezik kojim smo progovorili, zavjetuju\u0107i se Svetoj bra\u0107i \u0106irilu i Metodu, kako bismo opstali i kako bi nas bilo i poslije nesre\u0107a.<\/p>\n<p><img loading=\"lazy\" class=\"aligncenter  wp-image-2822\" src=\"https:\/\/www.bugari-u-hrvatskoj.com\/hr\/wp-content\/uploads\/2020\/05\/\u0106IRIL-I-METOD1-470x474.jpg\" alt=\"\u0106IRIL I METOD1\" width=\"233\" height=\"235\" srcset=\"https:\/\/www.bugari-u-hrvatskoj.com\/hr\/wp-content\/uploads\/2020\/05\/\u0106IRIL-I-METOD1-470x474.jpg 470w, https:\/\/www.bugari-u-hrvatskoj.com\/hr\/wp-content\/uploads\/2020\/05\/\u0106IRIL-I-METOD1-150x150.jpg 150w, https:\/\/www.bugari-u-hrvatskoj.com\/hr\/wp-content\/uploads\/2020\/05\/\u0106IRIL-I-METOD1.jpg 585w\" sizes=\"(max-width: 233px) 100vw, 233px\" \/><\/p>\n<p>Obrazovanje je najva\u017enija investicija, jer ba\u0161 sve \u2013 i veliko i obi\u010dno po\u010dinje \u010dinom u\u010denja, prostranstvom duha.<\/p>\n<p>Pa, iako i u druga\u010dijoj godini kao \u0161to je ova, praznik i nadalje nosi svoju poruku \u2013 zbog truda u\u010ditelja u na\u0161oj domovini i svih bugarskih nedjeljnih \u0161kola diljem svijeta. Bugarski u\u010ditelji pokazali su svoju kreativnost i humanizam i solidarnost, \u0161to su osobine ove profesije. U novim uvjetima virtualne nastave to je postalo svima jasno. Nastavnici su se uklju\u010dili odgovorno, bili su kreativni i hrabri. Posvetili su se svojoj misiji \u2013 obrazovanju bugarske djece. I zbog toga zaslu\u017euju na\u0161e priznanje!<\/p>\n<p>U dana\u0161njem vremenu ku\u0161nji, na\u0161e je dru\u0161tvo shvatilo da \u0107e u\u010ditelji uvijek biti potrebni. Nitko nikada ne\u0107e zamijeniti komunikaciju u u\u010dionici. A u\u010ditelji, ti najsvijetliji sljedbenici u\u010denja Svete bra\u0107e, nastavit \u0107e prenositi znanje rije\u010dju, odgajati dobre ljude, otkrivati nove obzore, izazivati misao i poticati ma\u0161tu.<\/p>\n<p>Vidimo slavljenje obrazovanja. Otkrivamo ga u ujedinjenim naporima u\u010ditelja i roditelja.<\/p>\n<p>Hvala u\u010denicima koji su sa zanimanjem i bez straha do\u010dekali nove uvjete obrazovanja. Zato \u0161to su zajedno s nastavnicima i svojim obiteljima prevladavali isku\u0161enja dana\u0161njice. Zahvaljujem im i na plemenitim gestama potpore njihovim u\u010diteljima i potpore trudu i radu bugarskih lije\u010dnika. Ovo je lekcija solidarnosti i mnogi od vas, dragi u\u010denici, ve\u0107 ste polo\u017eili jedan va\u017ean ispit \u2013 onaj, da na prvome mjestu poka\u017eete svoju \u010dovje\u010dnost!<\/p>\n<p>Hvala i roditeljima! U\u0161li su u obrazovni proces, bili njegov va\u017ean dio, i zajedno smo dokazali da krizu mo\u017eemo prevladati samo ujedinjenim naporima.<\/p>\n<p>U potrazi za odgovorom o novim izazovima, znanost i znanstvenici su oni koji nam otkrivaju budu\u0107nost. Zahvaljujem bugarskim znanstvenicima i istra\u017eiva\u010dima na njihovom doprinosu na svim znanstvenim podru\u010djima.<\/p>\n<p>\u010cestitam autorima umjetnosti i kulture, djelatnicima rije\u010di, koji zajedno sa svojim talentom i umije\u0107em \u010duvaju i razvijaju duhovnost i bugarsko ime slave diljem svijeta.<\/p>\n<p>Sretan praznik!<\/p>\n<p>KRASIMIR VAL\u010cEV<\/p>\n<p><em>Ministar obrazovanja i znanosti<\/em><\/p>\n<p><img loading=\"lazy\" class=\"aligncenter wp-image-2823\" src=\"https:\/\/www.bugari-u-hrvatskoj.com\/hr\/wp-content\/uploads\/2020\/05\/\u0106IRIL-I-METOD2-474x240.jpg\" alt=\"\u0106IRIL I METOD2\" width=\"401\" height=\"203\" srcset=\"https:\/\/www.bugari-u-hrvatskoj.com\/hr\/wp-content\/uploads\/2020\/05\/\u0106IRIL-I-METOD2-474x240.jpg 474w, https:\/\/www.bugari-u-hrvatskoj.com\/hr\/wp-content\/uploads\/2020\/05\/\u0106IRIL-I-METOD2-768x389.jpg 768w, https:\/\/www.bugari-u-hrvatskoj.com\/hr\/wp-content\/uploads\/2020\/05\/\u0106IRIL-I-METOD2.jpg 920w\" sizes=\"(max-width: 401px) 100vw, 401px\" \/><\/p>\n<p style=\"text-align: left;\">\n<p>&nbsp;<\/p>\n","protected":false},"excerpt":{"rendered":"<p>POZDRAVNA RIJE\u010c MINISTRA OBRAZOVANJA I ZNANOSTI, KRASIMIRA VAL\u010cEVA, POVODOM 24. SVIBNJA, DANA BUGARSKE PROSVJETE I KULTURE I SLAVENSKOGA PISMA Po\u0161tovane dame i gospodo! Po\u0161tovani nastavnici, znanstvenici, kulturni djelatnici, knji\u017eevnici! Draga djeco, u\u010denici i studenti! &nbsp; 24. svibanj je datum kojemu nije potrebno poja\u0161njavati razloge njegova mjesta u na\u0161oj povijesti. To je datum koji u sebi &#8230; <a class=\"more-link\" href=\"https:\/\/www.bugari-u-hrvatskoj.com\/hr\/pred-nama-ce-svijetliti-slova-da-nas-cuvaju-i-da-nas-vode\/\">Nastavi<span class=\"screen-reader-text\">\u201ePRED NAMA \u0106E SVIJETLITI SLOVA, DA NAS \u010cUVAJU I DA NAS VODE!<\/span><span class=\"meta-nav\">\u2192<\/span><\/a><\/p>\n","protected":false},"author":1,"featured_media":2828,"comment_status":"closed","ping_status":"closed","sticky":false,"template":"","format":"standard","meta":{"ngg_post_thumbnail":0},"categories":[3,4,5],"tags":[],"_links":{"self":[{"href":"https:\/\/www.bugari-u-hrvatskoj.com\/hr\/wp-json\/wp\/v2\/posts\/2826"}],"collection":[{"href":"https:\/\/www.bugari-u-hrvatskoj.com\/hr\/wp-json\/wp\/v2\/posts"}],"about":[{"href":"https:\/\/www.bugari-u-hrvatskoj.com\/hr\/wp-json\/wp\/v2\/types\/post"}],"author":[{"embeddable":true,"href":"https:\/\/www.bugari-u-hrvatskoj.com\/hr\/wp-json\/wp\/v2\/users\/1"}],"replies":[{"embeddable":true,"href":"https:\/\/www.bugari-u-hrvatskoj.com\/hr\/wp-json\/wp\/v2\/comments?post=2826"}],"version-history":[{"count":4,"href":"https:\/\/www.bugari-u-hrvatskoj.com\/hr\/wp-json\/wp\/v2\/posts\/2826\/revisions"}],"predecessor-version":[{"id":2832,"href":"https:\/\/www.bugari-u-hrvatskoj.com\/hr\/wp-json\/wp\/v2\/posts\/2826\/revisions\/2832"}],"wp:featuredmedia":[{"embeddable":true,"href":"https:\/\/www.bugari-u-hrvatskoj.com\/hr\/wp-json\/wp\/v2\/media\/2828"}],"wp:attachment":[{"href":"https:\/\/www.bugari-u-hrvatskoj.com\/hr\/wp-json\/wp\/v2\/media?parent=2826"}],"wp:term":[{"taxonomy":"category","embeddable":true,"href":"https:\/\/www.bugari-u-hrvatskoj.com\/hr\/wp-json\/wp\/v2\/categories?post=2826"},{"taxonomy":"post_tag","embeddable":true,"href":"https:\/\/www.bugari-u-hrvatskoj.com\/hr\/wp-json\/wp\/v2\/tags?post=2826"}],"curies":[{"name":"wp","href":"https:\/\/api.w.org\/{rel}","templated":true}]}}